{"id":1153,"date":"2019-11-19T16:27:00","date_gmt":"2019-11-19T21:27:00","guid":{"rendered":"https:\/\/tmsolutions.com.co:8000\/?p=1153"},"modified":"2022-07-12T16:40:47","modified_gmt":"2022-07-12T21:40:47","slug":"modalidad-de-teletrabajo-21-11-2019-por-motivos-del-paro-nacional","status":"publish","type":"post","link":"https:\/\/tmsolutions.com.co\/?p=1153","title":{"rendered":"Modalidad de Teletrabajo 21-11-2019 por motivos del paro nacional"},"content":{"rendered":"\n<p>Medell\u00edn, 19 de Noviembre de 2019<\/p>\n\n\n\n<p>Informamos a toda la comunidad de <strong>TM SOLUTIONS<\/strong> que el d\u00eda 21 de Noviembre del presente a\u00f1o estaremos en modalidad teletrabajo, por motivo del Paro Nacional; debido a esto solo estar\u00e1n habilitadas las siguientes\u00a0lineas m\u00f3viles:\u00a0\u00a0<\/p>\n\n\n\n<ol class=\"wp-block-list\"><li><strong>Soporte Land:<\/strong> 3106063630<\/li><li><strong>Soporte Rastreo:<\/strong> 3104682468<\/li><li><strong>Comercial: <\/strong>310460794 \u2013 3186664493<\/li><li><strong>Contabilidad: <\/strong>3508537692<\/li><li><strong>Programaci\u00f3n Instalaciones y Revisiones:<\/strong> 3145919158<\/li><li><strong>Gerencia:<\/strong> 3216406556<\/li><\/ol>\n\n\n\n<p>Quedamos atentos a sus inquietudes.<\/p>\n\n\n\n<p>Cordialmente,<\/p>\n\n\n\n<p><em><strong>EQUIPO TM SOLUTIONS.\u00a0<\/strong><\/em><\/p>\n\n\n<div class=\"wp-block-image\">\n<figure class=\"aligncenter size-full is-resized\"><img fetchpriority=\"high\" decoding=\"async\" src=\"https:\/\/tmsolutions.com.co:8000\/wp-content\/uploads\/2022\/07\/image-27.png\" alt=\"\" class=\"wp-image-1154\" width=\"472\" height=\"472\" srcset=\"https:\/\/tmsolutions.com.co\/wp-content\/uploads\/2022\/07\/image-27.png 886w, https:\/\/tmsolutions.com.co\/wp-content\/uploads\/2022\/07\/image-27-300x300.png 300w, https:\/\/tmsolutions.com.co\/wp-content\/uploads\/2022\/07\/image-27-150x150.png 150w, https:\/\/tmsolutions.com.co\/wp-content\/uploads\/2022\/07\/image-27-768x768.png 768w, https:\/\/tmsolutions.com.co\/wp-content\/uploads\/2022\/07\/image-27-600x600.png 600w, https:\/\/tmsolutions.com.co\/wp-content\/uploads\/2022\/07\/image-27-100x100.png 100w\" sizes=\"(max-width: 472px) 100vw, 472px\" \/><\/figure>\n<\/div>","protected":false},"excerpt":{"rendered":"<p>Medell\u00edn, 19 de Noviembre de 2019 Informamos a toda la comunidad de TM SOLUTIONS que el d\u00eda 21 de Noviembre del presente a\u00f1o estaremos en modalidad teletrabajo, por motivo del Paro Nacional; debido a esto solo estar\u00e1n habilitadas las siguientes\u00a0lineas m\u00f3viles:\u00a0\u00a0 Soporte Land: 3106063630 Soporte Rastreo: 3104682468 Comercial: 310460794 \u2013 3186664493 Contabilidad: 3508537692 Programaci\u00f3n Instalaciones [&hellip;]<\/p>\n","protected":false},"author":3,"featured_media":0,"comment_status":"open","ping_status":"open","sticky":false,"template":"","format":"standard","meta":{"footnotes":""},"categories":[23],"tags":[26],"class_list":["post-1153","post","type-post","status-publish","format-standard","hentry","category-noticias","tag-noticiastm"],"yoast_head":"<!-- This site is optimized with the Yoast SEO plugin v27.5 - https:\/\/yoast.com\/product\/yoast-seo-wordpress\/ -->\n<title>Modalidad de Teletrabajo 21-11-2019 por motivos del paro nacional - TM Solutions SAS<\/title>\n<meta name=\"robots\" content=\"index, follow, max-snippet:-1, max-image-preview:large, max-video-preview:-1\" \/>\n<link rel=\"canonical\" href=\"https:\/\/tmsolutions.com.co\/?p=1153\" \/>\n<meta property=\"og:locale\" content=\"es_ES\" \/>\n<meta property=\"og:type\" content=\"article\" \/>\n<meta property=\"og:title\" content=\"Modalidad de Teletrabajo 21-11-2019 por motivos del paro nacional - TM Solutions SAS\" \/>\n<meta property=\"og:description\" content=\"Medell\u00edn, 19 de Noviembre de 2019 Informamos a toda la comunidad de TM SOLUTIONS que el d\u00eda 21 de Noviembre del presente a\u00f1o estaremos en modalidad teletrabajo, por motivo del Paro Nacional; debido a esto solo estar\u00e1n habilitadas las siguientes\u00a0lineas m\u00f3viles:\u00a0\u00a0 Soporte Land: 3106063630 Soporte Rastreo: 3104682468 Comercial: 310460794 \u2013 3186664493 Contabilidad: 3508537692 Programaci\u00f3n Instalaciones [&hellip;]\" \/>\n<meta property=\"og:url\" content=\"https:\/\/tmsolutions.com.co\/?p=1153\" \/>\n<meta property=\"og:site_name\" content=\"TM Solutions SAS\" \/>\n<meta property=\"article:published_time\" content=\"2019-11-19T21:27:00+00:00\" \/>\n<meta property=\"article:modified_time\" content=\"2022-07-12T21:40:47+00:00\" \/>\n<meta property=\"og:image\" content=\"https:\/\/tmsolutions.com.co:8000\/wp-content\/uploads\/2022\/07\/image-27.png\" \/>\n<meta name=\"author\" content=\"Sebastian Villada Jaramillo\" \/>\n<meta name=\"twitter:card\" content=\"summary_large_image\" \/>\n<meta name=\"twitter:label1\" content=\"Escrito por\" \/>\n\t<meta name=\"twitter:data1\" content=\"Sebastian Villada Jaramillo\" \/>\n<script type=\"application\/ld+json\" class=\"yoast-schema-graph\">{\"@context\":\"https:\\\/\\\/schema.org\",\"@graph\":[{\"@type\":\"Article\",\"@id\":\"https:\\\/\\\/tmsolutions.com.co\\\/?p=1153#article\",\"isPartOf\":{\"@id\":\"https:\\\/\\\/tmsolutions.com.co\\\/?p=1153\"},\"author\":{\"name\":\"Sebastian Villada Jaramillo\",\"@id\":\"https:\\\/\\\/tmsolutions.com.co\\\/#\\\/schema\\\/person\\\/2a22bf8ca350fcadafae338624255cb1\"},\"headline\":\"Modalidad de Teletrabajo 21-11-2019 por motivos del paro nacional\",\"datePublished\":\"2019-11-19T21:27:00+00:00\",\"dateModified\":\"2022-07-12T21:40:47+00:00\",\"mainEntityOfPage\":{\"@id\":\"https:\\\/\\\/tmsolutions.com.co\\\/?p=1153\"},\"wordCount\":75,\"commentCount\":0,\"publisher\":{\"@id\":\"https:\\\/\\\/tmsolutions.com.co\\\/#organization\"},\"image\":{\"@id\":\"https:\\\/\\\/tmsolutions.com.co\\\/?p=1153#primaryimage\"},\"thumbnailUrl\":\"https:\\\/\\\/tmsolutions.com.co:8000\\\/wp-content\\\/uploads\\\/2022\\\/07\\\/image-27.png\",\"keywords\":[\"NoticiasTM\"],\"articleSection\":[\"Noticias\"],\"inLanguage\":\"es-CO\",\"potentialAction\":[{\"@type\":\"CommentAction\",\"name\":\"Comment\",\"target\":[\"https:\\\/\\\/tmsolutions.com.co\\\/?p=1153#respond\"]}]},{\"@type\":\"WebPage\",\"@id\":\"https:\\\/\\\/tmsolutions.com.co\\\/?p=1153\",\"url\":\"https:\\\/\\\/tmsolutions.com.co\\\/?p=1153\",\"name\":\"Modalidad de Teletrabajo 21-11-2019 por motivos del paro nacional - TM Solutions SAS\",\"isPartOf\":{\"@id\":\"https:\\\/\\\/tmsolutions.com.co\\\/#website\"},\"primaryImageOfPage\":{\"@id\":\"https:\\\/\\\/tmsolutions.com.co\\\/?p=1153#primaryimage\"},\"image\":{\"@id\":\"https:\\\/\\\/tmsolutions.com.co\\\/?p=1153#primaryimage\"},\"thumbnailUrl\":\"https:\\\/\\\/tmsolutions.com.co:8000\\\/wp-content\\\/uploads\\\/2022\\\/07\\\/image-27.png\",\"datePublished\":\"2019-11-19T21:27:00+00:00\",\"dateModified\":\"2022-07-12T21:40:47+00:00\",\"breadcrumb\":{\"@id\":\"https:\\\/\\\/tmsolutions.com.co\\\/?p=1153#breadcrumb\"},\"inLanguage\":\"es-CO\",\"potentialAction\":[{\"@type\":\"ReadAction\",\"target\":[\"https:\\\/\\\/tmsolutions.com.co\\\/?p=1153\"]}]},{\"@type\":\"ImageObject\",\"inLanguage\":\"es-CO\",\"@id\":\"https:\\\/\\\/tmsolutions.com.co\\\/?p=1153#primaryimage\",\"url\":\"https:\\\/\\\/tmsolutions.com.co\\\/wp-content\\\/uploads\\\/2022\\\/07\\\/image-27.png\",\"contentUrl\":\"https:\\\/\\\/tmsolutions.com.co\\\/wp-content\\\/uploads\\\/2022\\\/07\\\/image-27.png\",\"width\":886,\"height\":886},{\"@type\":\"BreadcrumbList\",\"@id\":\"https:\\\/\\\/tmsolutions.com.co\\\/?p=1153#breadcrumb\",\"itemListElement\":[{\"@type\":\"ListItem\",\"position\":1,\"name\":\"Inicio\",\"item\":\"https:\\\/\\\/tmsolutions.com.co\\\/\"},{\"@type\":\"ListItem\",\"position\":2,\"name\":\"Modalidad de Teletrabajo 21-11-2019 por motivos del paro nacional\"}]},{\"@type\":\"WebSite\",\"@id\":\"https:\\\/\\\/tmsolutions.com.co\\\/#website\",\"url\":\"https:\\\/\\\/tmsolutions.com.co\\\/\",\"name\":\"TM Solutions SAS\",\"description\":\"La mejor soluci\u00f3n para administraci\u00f3n de flotas de transporte\",\"publisher\":{\"@id\":\"https:\\\/\\\/tmsolutions.com.co\\\/#organization\"},\"potentialAction\":[{\"@type\":\"SearchAction\",\"target\":{\"@type\":\"EntryPoint\",\"urlTemplate\":\"https:\\\/\\\/tmsolutions.com.co\\\/?s={search_term_string}\"},\"query-input\":{\"@type\":\"PropertyValueSpecification\",\"valueRequired\":true,\"valueName\":\"search_term_string\"}}],\"inLanguage\":\"es-CO\"},{\"@type\":\"Organization\",\"@id\":\"https:\\\/\\\/tmsolutions.com.co\\\/#organization\",\"name\":\"TM Solutions SAS\",\"url\":\"https:\\\/\\\/tmsolutions.com.co\\\/\",\"logo\":{\"@type\":\"ImageObject\",\"inLanguage\":\"es-CO\",\"@id\":\"https:\\\/\\\/tmsolutions.com.co\\\/#\\\/schema\\\/logo\\\/image\\\/\",\"url\":\"https:\\\/\\\/tmsolutions.com.co\\\/wp-content\\\/uploads\\\/2022\\\/05\\\/Logo-TM-Acostado-Azul.png\",\"contentUrl\":\"https:\\\/\\\/tmsolutions.com.co\\\/wp-content\\\/uploads\\\/2022\\\/05\\\/Logo-TM-Acostado-Azul.png\",\"width\":320,\"height\":132,\"caption\":\"TM Solutions SAS\"},\"image\":{\"@id\":\"https:\\\/\\\/tmsolutions.com.co\\\/#\\\/schema\\\/logo\\\/image\\\/\"}},{\"@type\":\"Person\",\"@id\":\"https:\\\/\\\/tmsolutions.com.co\\\/#\\\/schema\\\/person\\\/2a22bf8ca350fcadafae338624255cb1\",\"name\":\"Sebastian Villada Jaramillo\",\"image\":{\"@type\":\"ImageObject\",\"inLanguage\":\"es-CO\",\"@id\":\"https:\\\/\\\/secure.gravatar.com\\\/avatar\\\/c2c07a40ebcdd2e9936e2eb2dce3677cc26245016037417a98c6738b91520f47?s=96&d=mm&r=g\",\"url\":\"https:\\\/\\\/secure.gravatar.com\\\/avatar\\\/c2c07a40ebcdd2e9936e2eb2dce3677cc26245016037417a98c6738b91520f47?s=96&d=mm&r=g\",\"contentUrl\":\"https:\\\/\\\/secure.gravatar.com\\\/avatar\\\/c2c07a40ebcdd2e9936e2eb2dce3677cc26245016037417a98c6738b91520f47?s=96&d=mm&r=g\",\"caption\":\"Sebastian Villada Jaramillo\"},\"url\":\"https:\\\/\\\/tmsolutions.com.co\\\/?author=3\"}]}<\/script>\n<!-- \/ Yoast SEO plugin. -->","yoast_head_json":{"title":"Modalidad de Teletrabajo 21-11-2019 por motivos del paro nacional - TM Solutions SAS","robots":{"index":"index","follow":"follow","max-snippet":"max-snippet:-1","max-image-preview":"max-image-preview:large","max-video-preview":"max-video-preview:-1"},"canonical":"https:\/\/tmsolutions.com.co\/?p=1153","og_locale":"es_ES","og_type":"article","og_title":"Modalidad de Teletrabajo 21-11-2019 por motivos del paro nacional - TM Solutions SAS","og_description":"Medell\u00edn, 19 de Noviembre de 2019 Informamos a toda la comunidad de TM SOLUTIONS que el d\u00eda 21 de Noviembre del presente a\u00f1o estaremos en modalidad teletrabajo, por motivo del Paro Nacional; debido a esto solo estar\u00e1n habilitadas las siguientes\u00a0lineas m\u00f3viles:\u00a0\u00a0 Soporte Land: 3106063630 Soporte Rastreo: 3104682468 Comercial: 310460794 \u2013 3186664493 Contabilidad: 3508537692 Programaci\u00f3n Instalaciones [&hellip;]","og_url":"https:\/\/tmsolutions.com.co\/?p=1153","og_site_name":"TM Solutions SAS","article_published_time":"2019-11-19T21:27:00+00:00","article_modified_time":"2022-07-12T21:40:47+00:00","og_image":[{"url":"https:\/\/tmsolutions.com.co:8000\/wp-content\/uploads\/2022\/07\/image-27.png","type":"","width":"","height":""}],"author":"Sebastian Villada Jaramillo","twitter_card":"summary_large_image","twitter_misc":{"Escrito por":"Sebastian Villada Jaramillo"},"schema":{"@context":"https:\/\/schema.org","@graph":[{"@type":"Article","@id":"https:\/\/tmsolutions.com.co\/?p=1153#article","isPartOf":{"@id":"https:\/\/tmsolutions.com.co\/?p=1153"},"author":{"name":"Sebastian Villada Jaramillo","@id":"https:\/\/tmsolutions.com.co\/#\/schema\/person\/2a22bf8ca350fcadafae338624255cb1"},"headline":"Modalidad de Teletrabajo 21-11-2019 por motivos del paro nacional","datePublished":"2019-11-19T21:27:00+00:00","dateModified":"2022-07-12T21:40:47+00:00","mainEntityOfPage":{"@id":"https:\/\/tmsolutions.com.co\/?p=1153"},"wordCount":75,"commentCount":0,"publisher":{"@id":"https:\/\/tmsolutions.com.co\/#organization"},"image":{"@id":"https:\/\/tmsolutions.com.co\/?p=1153#primaryimage"},"thumbnailUrl":"https:\/\/tmsolutions.com.co:8000\/wp-content\/uploads\/2022\/07\/image-27.png","keywords":["NoticiasTM"],"articleSection":["Noticias"],"inLanguage":"es-CO","potentialAction":[{"@type":"CommentAction","name":"Comment","target":["https:\/\/tmsolutions.com.co\/?p=1153#respond"]}]},{"@type":"WebPage","@id":"https:\/\/tmsolutions.com.co\/?p=1153","url":"https:\/\/tmsolutions.com.co\/?p=1153","name":"Modalidad de Teletrabajo 21-11-2019 por motivos del paro nacional - TM Solutions SAS","isPartOf":{"@id":"https:\/\/tmsolutions.com.co\/#website"},"primaryImageOfPage":{"@id":"https:\/\/tmsolutions.com.co\/?p=1153#primaryimage"},"image":{"@id":"https:\/\/tmsolutions.com.co\/?p=1153#primaryimage"},"thumbnailUrl":"https:\/\/tmsolutions.com.co:8000\/wp-content\/uploads\/2022\/07\/image-27.png","datePublished":"2019-11-19T21:27:00+00:00","dateModified":"2022-07-12T21:40:47+00:00","breadcrumb":{"@id":"https:\/\/tmsolutions.com.co\/?p=1153#breadcrumb"},"inLanguage":"es-CO","potentialAction":[{"@type":"ReadAction","target":["https:\/\/tmsolutions.com.co\/?p=1153"]}]},{"@type":"ImageObject","inLanguage":"es-CO","@id":"https:\/\/tmsolutions.com.co\/?p=1153#primaryimage","url":"https:\/\/tmsolutions.com.co\/wp-content\/uploads\/2022\/07\/image-27.png","contentUrl":"https:\/\/tmsolutions.com.co\/wp-content\/uploads\/2022\/07\/image-27.png","width":886,"height":886},{"@type":"BreadcrumbList","@id":"https:\/\/tmsolutions.com.co\/?p=1153#breadcrumb","itemListElement":[{"@type":"ListItem","position":1,"name":"Inicio","item":"https:\/\/tmsolutions.com.co\/"},{"@type":"ListItem","position":2,"name":"Modalidad de Teletrabajo 21-11-2019 por motivos del paro nacional"}]},{"@type":"WebSite","@id":"https:\/\/tmsolutions.com.co\/#website","url":"https:\/\/tmsolutions.com.co\/","name":"TM Solutions SAS","description":"La mejor soluci\u00f3n para administraci\u00f3n de flotas de transporte","publisher":{"@id":"https:\/\/tmsolutions.com.co\/#organization"},"potentialAction":[{"@type":"SearchAction","target":{"@type":"EntryPoint","urlTemplate":"https:\/\/tmsolutions.com.co\/?s={search_term_string}"},"query-input":{"@type":"PropertyValueSpecification","valueRequired":true,"valueName":"search_term_string"}}],"inLanguage":"es-CO"},{"@type":"Organization","@id":"https:\/\/tmsolutions.com.co\/#organization","name":"TM Solutions SAS","url":"https:\/\/tmsolutions.com.co\/","logo":{"@type":"ImageObject","inLanguage":"es-CO","@id":"https:\/\/tmsolutions.com.co\/#\/schema\/logo\/image\/","url":"https:\/\/tmsolutions.com.co\/wp-content\/uploads\/2022\/05\/Logo-TM-Acostado-Azul.png","contentUrl":"https:\/\/tmsolutions.com.co\/wp-content\/uploads\/2022\/05\/Logo-TM-Acostado-Azul.png","width":320,"height":132,"caption":"TM Solutions SAS"},"image":{"@id":"https:\/\/tmsolutions.com.co\/#\/schema\/logo\/image\/"}},{"@type":"Person","@id":"https:\/\/tmsolutions.com.co\/#\/schema\/person\/2a22bf8ca350fcadafae338624255cb1","name":"Sebastian Villada Jaramillo","image":{"@type":"ImageObject","inLanguage":"es-CO","@id":"https:\/\/secure.gravatar.com\/avatar\/c2c07a40ebcdd2e9936e2eb2dce3677cc26245016037417a98c6738b91520f47?s=96&d=mm&r=g","url":"https:\/\/secure.gravatar.com\/avatar\/c2c07a40ebcdd2e9936e2eb2dce3677cc26245016037417a98c6738b91520f47?s=96&d=mm&r=g","contentUrl":"https:\/\/secure.gravatar.com\/avatar\/c2c07a40ebcdd2e9936e2eb2dce3677cc26245016037417a98c6738b91520f47?s=96&d=mm&r=g","caption":"Sebastian Villada Jaramillo"},"url":"https:\/\/tmsolutions.com.co\/?author=3"}]}},"_links":{"self":[{"href":"https:\/\/tmsolutions.com.co\/index.php?rest_route=\/wp\/v2\/posts\/1153","targetHints":{"allow":["GET"]}}],"collection":[{"href":"https:\/\/tmsolutions.com.co\/index.php?rest_route=\/wp\/v2\/posts"}],"about":[{"href":"https:\/\/tmsolutions.com.co\/index.php?rest_route=\/wp\/v2\/types\/post"}],"author":[{"embeddable":true,"href":"https:\/\/tmsolutions.com.co\/index.php?rest_route=\/wp\/v2\/users\/3"}],"replies":[{"embeddable":true,"href":"https:\/\/tmsolutions.com.co\/index.php?rest_route=%2Fwp%2Fv2%2Fcomments&post=1153"}],"version-history":[{"count":1,"href":"https:\/\/tmsolutions.com.co\/index.php?rest_route=\/wp\/v2\/posts\/1153\/revisions"}],"predecessor-version":[{"id":1155,"href":"https:\/\/tmsolutions.com.co\/index.php?rest_route=\/wp\/v2\/posts\/1153\/revisions\/1155"}],"wp:attachment":[{"href":"https:\/\/tmsolutions.com.co\/index.php?rest_route=%2Fwp%2Fv2%2Fmedia&parent=1153"}],"wp:term":[{"taxonomy":"category","embeddable":true,"href":"https:\/\/tmsolutions.com.co\/index.php?rest_route=%2Fwp%2Fv2%2Fcategories&post=1153"},{"taxonomy":"post_tag","embeddable":true,"href":"https:\/\/tmsolutions.com.co\/index.php?rest_route=%2Fwp%2Fv2%2Ftags&post=1153"}],"curies":[{"name":"wp","href":"https:\/\/api.w.org\/{rel}","templated":true}]}}