{"id":1125,"date":"2019-09-03T15:17:00","date_gmt":"2019-09-03T20:17:00","guid":{"rendered":"https:\/\/tmsolutions.com.co:8000\/?p=1125"},"modified":"2022-07-12T15:20:21","modified_gmt":"2022-07-12T20:20:21","slug":"propuesta-para-la-renovacion-del-transporte-de-carga-modernizacion-de-vehiculos-de-carga-pesada","status":"publish","type":"post","link":"https:\/\/tmsolutions.com.co\/?p=1125","title":{"rendered":"Propuesta para la renovaci\u00f3n del Transporte de Carga &#8211; Modernizaci\u00f3n de veh\u00edculos de CARGA PESADA"},"content":{"rendered":"\n<p>La iniciativa con la que Colfecar busca que los transportadores puedan renovar sus veh\u00edculos con automotores usados.<\/p>\n\n\n\n<p>Luego de la presentaci\u00f3n del nuevo Programa de Modernizaci\u00f3n del Transporte Automotor de Carga, que empez\u00f3&nbsp;a regir en Julio,&nbsp;qued\u00f3 la inquietud sobre qu\u00e9 pasar\u00e1 con los propietarios de tres o m\u00e1s camiones que est\u00e9n interesados en renovar su flota.<\/p>\n\n\n\n<p>La idea que ser\u00eda incluida en el documento es que las empresas \u2018grandes\u2019, due\u00f1as de tres o m\u00e1s veh\u00edculos de carga, puedan comprarle los camiones viejos- de m\u00e1s de 20 a\u00f1os de uso y de 10,5 toneladas de peso bruto en adelante, a los peque\u00f1os propietarios, de uno o dos veh\u00edculos de esas caracter\u00edsticas, al mismo tiempo, esos peque\u00f1os\u00a0propietarios podr\u00edan comprar un cami\u00f3n usado, pero no tan antiguo, a la empresa grande.<br><br>Con esto,\u00a0se estar\u00eda logrando hacer una renovaci\u00f3n en forma de cascada, al impulsar que los \u2018peque\u00f1os\u2019 que no puedan acceder al cr\u00e9dito para comprar un cami\u00f3n completamente nuevo, s\u00ed tengan la posibilidad de tener\u00a0uno m\u00e1s actualizado; esto no solo generar\u00eda menores costos de compra, sino tambi\u00e9n abrir\u00eda la puerta para que las empresas del sector puedan tener las mismas condiciones de cr\u00e9dito, que permitan venderle a los propietarios para comprar nuevas flotas a los grandes importadores.<\/p>\n\n\n\n<p>Para m\u00e1s informaci\u00f3n consulte aqu\u00ed\u00a0<a href=\"https:\/\/www.colfecar.org.co\/2019\/09\/03\/por-la-devaluacion-transportadores-pedirian-cambios-en-chatarrizacion\/\" target=\"_blank\" rel=\"noreferrer noopener\">Camiones usados servir\u00e1n para renovar la flota de carga.<\/a><\/p>\n\n\n<div class=\"wp-block-image\">\n<figure class=\"aligncenter size-full\"><img fetchpriority=\"high\" decoding=\"async\" width=\"749\" height=\"499\" src=\"https:\/\/tmsolutions.com.co:8000\/wp-content\/uploads\/2022\/07\/image-19.png\" alt=\"\" class=\"wp-image-1126\" srcset=\"https:\/\/tmsolutions.com.co\/wp-content\/uploads\/2022\/07\/image-19.png 749w, https:\/\/tmsolutions.com.co\/wp-content\/uploads\/2022\/07\/image-19-300x200.png 300w, https:\/\/tmsolutions.com.co\/wp-content\/uploads\/2022\/07\/image-19-600x400.png 600w\" sizes=\"(max-width: 749px) 100vw, 749px\" \/><\/figure>\n<\/div>","protected":false},"excerpt":{"rendered":"<p>La iniciativa con la que Colfecar busca que los transportadores puedan renovar sus veh\u00edculos con automotores usados. Luego de la presentaci\u00f3n del nuevo Programa de Modernizaci\u00f3n del Transporte Automotor de Carga, que empez\u00f3&nbsp;a regir en Julio,&nbsp;qued\u00f3 la inquietud sobre qu\u00e9 pasar\u00e1 con los propietarios de tres o m\u00e1s camiones que est\u00e9n interesados en renovar su [&hellip;]<\/p>\n","protected":false},"author":3,"featured_media":0,"comment_status":"open","ping_status":"open","sticky":false,"template":"","format":"standard","meta":{"footnotes":""},"categories":[23],"tags":[26],"class_list":["post-1125","post","type-post","status-publish","format-standard","hentry","category-noticias","tag-noticiastm"],"yoast_head":"<!-- This site is optimized with the Yoast SEO plugin v27.5 - https:\/\/yoast.com\/product\/yoast-seo-wordpress\/ -->\n<title>Propuesta para la renovaci\u00f3n del Transporte de Carga - Modernizaci\u00f3n de veh\u00edculos de CARGA PESADA - TM Solutions SAS<\/title>\n<meta name=\"robots\" content=\"index, follow, max-snippet:-1, max-image-preview:large, max-video-preview:-1\" \/>\n<link rel=\"canonical\" href=\"https:\/\/tmsolutions.com.co\/?p=1125\" \/>\n<meta property=\"og:locale\" content=\"es_ES\" \/>\n<meta property=\"og:type\" content=\"article\" \/>\n<meta property=\"og:title\" content=\"Propuesta para la renovaci\u00f3n del Transporte de Carga - Modernizaci\u00f3n de veh\u00edculos de CARGA PESADA - TM Solutions SAS\" \/>\n<meta property=\"og:description\" content=\"La iniciativa con la que Colfecar busca que los transportadores puedan renovar sus veh\u00edculos con automotores usados. Luego de la presentaci\u00f3n del nuevo Programa de Modernizaci\u00f3n del Transporte Automotor de Carga, que empez\u00f3&nbsp;a regir en Julio,&nbsp;qued\u00f3 la inquietud sobre qu\u00e9 pasar\u00e1 con los propietarios de tres o m\u00e1s camiones que est\u00e9n interesados en renovar su [&hellip;]\" \/>\n<meta property=\"og:url\" content=\"https:\/\/tmsolutions.com.co\/?p=1125\" \/>\n<meta property=\"og:site_name\" content=\"TM Solutions SAS\" \/>\n<meta property=\"article:published_time\" content=\"2019-09-03T20:17:00+00:00\" \/>\n<meta property=\"article:modified_time\" content=\"2022-07-12T20:20:21+00:00\" \/>\n<meta property=\"og:image\" content=\"https:\/\/tmsolutions.com.co:8000\/wp-content\/uploads\/2022\/07\/image-19.png\" \/>\n<meta name=\"author\" content=\"Sebastian Villada Jaramillo\" \/>\n<meta name=\"twitter:card\" content=\"summary_large_image\" \/>\n<meta name=\"twitter:label1\" content=\"Escrito por\" \/>\n\t<meta name=\"twitter:data1\" content=\"Sebastian Villada Jaramillo\" \/>\n\t<meta name=\"twitter:label2\" content=\"Tiempo de lectura\" \/>\n\t<meta name=\"twitter:data2\" content=\"1 minuto\" \/>\n<script type=\"application\/ld+json\" class=\"yoast-schema-graph\">{\"@context\":\"https:\\\/\\\/schema.org\",\"@graph\":[{\"@type\":\"Article\",\"@id\":\"https:\\\/\\\/tmsolutions.com.co\\\/?p=1125#article\",\"isPartOf\":{\"@id\":\"https:\\\/\\\/tmsolutions.com.co\\\/?p=1125\"},\"author\":{\"name\":\"Sebastian Villada Jaramillo\",\"@id\":\"https:\\\/\\\/tmsolutions.com.co\\\/#\\\/schema\\\/person\\\/2a22bf8ca350fcadafae338624255cb1\"},\"headline\":\"Propuesta para la renovaci\u00f3n del Transporte de Carga &#8211; Modernizaci\u00f3n de veh\u00edculos de CARGA PESADA\",\"datePublished\":\"2019-09-03T20:17:00+00:00\",\"dateModified\":\"2022-07-12T20:20:21+00:00\",\"mainEntityOfPage\":{\"@id\":\"https:\\\/\\\/tmsolutions.com.co\\\/?p=1125\"},\"wordCount\":271,\"commentCount\":0,\"publisher\":{\"@id\":\"https:\\\/\\\/tmsolutions.com.co\\\/#organization\"},\"image\":{\"@id\":\"https:\\\/\\\/tmsolutions.com.co\\\/?p=1125#primaryimage\"},\"thumbnailUrl\":\"https:\\\/\\\/tmsolutions.com.co:8000\\\/wp-content\\\/uploads\\\/2022\\\/07\\\/image-19.png\",\"keywords\":[\"NoticiasTM\"],\"articleSection\":[\"Noticias\"],\"inLanguage\":\"es-CO\",\"potentialAction\":[{\"@type\":\"CommentAction\",\"name\":\"Comment\",\"target\":[\"https:\\\/\\\/tmsolutions.com.co\\\/?p=1125#respond\"]}]},{\"@type\":\"WebPage\",\"@id\":\"https:\\\/\\\/tmsolutions.com.co\\\/?p=1125\",\"url\":\"https:\\\/\\\/tmsolutions.com.co\\\/?p=1125\",\"name\":\"Propuesta para la renovaci\u00f3n del Transporte de Carga - Modernizaci\u00f3n de veh\u00edculos de CARGA PESADA - TM Solutions SAS\",\"isPartOf\":{\"@id\":\"https:\\\/\\\/tmsolutions.com.co\\\/#website\"},\"primaryImageOfPage\":{\"@id\":\"https:\\\/\\\/tmsolutions.com.co\\\/?p=1125#primaryimage\"},\"image\":{\"@id\":\"https:\\\/\\\/tmsolutions.com.co\\\/?p=1125#primaryimage\"},\"thumbnailUrl\":\"https:\\\/\\\/tmsolutions.com.co:8000\\\/wp-content\\\/uploads\\\/2022\\\/07\\\/image-19.png\",\"datePublished\":\"2019-09-03T20:17:00+00:00\",\"dateModified\":\"2022-07-12T20:20:21+00:00\",\"breadcrumb\":{\"@id\":\"https:\\\/\\\/tmsolutions.com.co\\\/?p=1125#breadcrumb\"},\"inLanguage\":\"es-CO\",\"potentialAction\":[{\"@type\":\"ReadAction\",\"target\":[\"https:\\\/\\\/tmsolutions.com.co\\\/?p=1125\"]}]},{\"@type\":\"ImageObject\",\"inLanguage\":\"es-CO\",\"@id\":\"https:\\\/\\\/tmsolutions.com.co\\\/?p=1125#primaryimage\",\"url\":\"https:\\\/\\\/tmsolutions.com.co\\\/wp-content\\\/uploads\\\/2022\\\/07\\\/image-19.png\",\"contentUrl\":\"https:\\\/\\\/tmsolutions.com.co\\\/wp-content\\\/uploads\\\/2022\\\/07\\\/image-19.png\",\"width\":749,\"height\":499},{\"@type\":\"BreadcrumbList\",\"@id\":\"https:\\\/\\\/tmsolutions.com.co\\\/?p=1125#breadcrumb\",\"itemListElement\":[{\"@type\":\"ListItem\",\"position\":1,\"name\":\"Inicio\",\"item\":\"https:\\\/\\\/tmsolutions.com.co\\\/\"},{\"@type\":\"ListItem\",\"position\":2,\"name\":\"Propuesta para la renovaci\u00f3n del Transporte de Carga &#8211; Modernizaci\u00f3n de veh\u00edculos de CARGA PESADA\"}]},{\"@type\":\"WebSite\",\"@id\":\"https:\\\/\\\/tmsolutions.com.co\\\/#website\",\"url\":\"https:\\\/\\\/tmsolutions.com.co\\\/\",\"name\":\"TM Solutions SAS\",\"description\":\"La mejor soluci\u00f3n para administraci\u00f3n de flotas de transporte\",\"publisher\":{\"@id\":\"https:\\\/\\\/tmsolutions.com.co\\\/#organization\"},\"potentialAction\":[{\"@type\":\"SearchAction\",\"target\":{\"@type\":\"EntryPoint\",\"urlTemplate\":\"https:\\\/\\\/tmsolutions.com.co\\\/?s={search_term_string}\"},\"query-input\":{\"@type\":\"PropertyValueSpecification\",\"valueRequired\":true,\"valueName\":\"search_term_string\"}}],\"inLanguage\":\"es-CO\"},{\"@type\":\"Organization\",\"@id\":\"https:\\\/\\\/tmsolutions.com.co\\\/#organization\",\"name\":\"TM Solutions SAS\",\"url\":\"https:\\\/\\\/tmsolutions.com.co\\\/\",\"logo\":{\"@type\":\"ImageObject\",\"inLanguage\":\"es-CO\",\"@id\":\"https:\\\/\\\/tmsolutions.com.co\\\/#\\\/schema\\\/logo\\\/image\\\/\",\"url\":\"https:\\\/\\\/tmsolutions.com.co\\\/wp-content\\\/uploads\\\/2022\\\/05\\\/Logo-TM-Acostado-Azul.png\",\"contentUrl\":\"https:\\\/\\\/tmsolutions.com.co\\\/wp-content\\\/uploads\\\/2022\\\/05\\\/Logo-TM-Acostado-Azul.png\",\"width\":320,\"height\":132,\"caption\":\"TM Solutions SAS\"},\"image\":{\"@id\":\"https:\\\/\\\/tmsolutions.com.co\\\/#\\\/schema\\\/logo\\\/image\\\/\"}},{\"@type\":\"Person\",\"@id\":\"https:\\\/\\\/tmsolutions.com.co\\\/#\\\/schema\\\/person\\\/2a22bf8ca350fcadafae338624255cb1\",\"name\":\"Sebastian Villada Jaramillo\",\"image\":{\"@type\":\"ImageObject\",\"inLanguage\":\"es-CO\",\"@id\":\"https:\\\/\\\/secure.gravatar.com\\\/avatar\\\/c2c07a40ebcdd2e9936e2eb2dce3677cc26245016037417a98c6738b91520f47?s=96&d=mm&r=g\",\"url\":\"https:\\\/\\\/secure.gravatar.com\\\/avatar\\\/c2c07a40ebcdd2e9936e2eb2dce3677cc26245016037417a98c6738b91520f47?s=96&d=mm&r=g\",\"contentUrl\":\"https:\\\/\\\/secure.gravatar.com\\\/avatar\\\/c2c07a40ebcdd2e9936e2eb2dce3677cc26245016037417a98c6738b91520f47?s=96&d=mm&r=g\",\"caption\":\"Sebastian Villada Jaramillo\"},\"url\":\"https:\\\/\\\/tmsolutions.com.co\\\/?author=3\"}]}<\/script>\n<!-- \/ Yoast SEO plugin. -->","yoast_head_json":{"title":"Propuesta para la renovaci\u00f3n del Transporte de Carga - Modernizaci\u00f3n de veh\u00edculos de CARGA PESADA - TM Solutions SAS","robots":{"index":"index","follow":"follow","max-snippet":"max-snippet:-1","max-image-preview":"max-image-preview:large","max-video-preview":"max-video-preview:-1"},"canonical":"https:\/\/tmsolutions.com.co\/?p=1125","og_locale":"es_ES","og_type":"article","og_title":"Propuesta para la renovaci\u00f3n del Transporte de Carga - Modernizaci\u00f3n de veh\u00edculos de CARGA PESADA - TM Solutions SAS","og_description":"La iniciativa con la que Colfecar busca que los transportadores puedan renovar sus veh\u00edculos con automotores usados. Luego de la presentaci\u00f3n del nuevo Programa de Modernizaci\u00f3n del Transporte Automotor de Carga, que empez\u00f3&nbsp;a regir en Julio,&nbsp;qued\u00f3 la inquietud sobre qu\u00e9 pasar\u00e1 con los propietarios de tres o m\u00e1s camiones que est\u00e9n interesados en renovar su [&hellip;]","og_url":"https:\/\/tmsolutions.com.co\/?p=1125","og_site_name":"TM Solutions SAS","article_published_time":"2019-09-03T20:17:00+00:00","article_modified_time":"2022-07-12T20:20:21+00:00","og_image":[{"url":"https:\/\/tmsolutions.com.co:8000\/wp-content\/uploads\/2022\/07\/image-19.png","type":"","width":"","height":""}],"author":"Sebastian Villada Jaramillo","twitter_card":"summary_large_image","twitter_misc":{"Escrito por":"Sebastian Villada Jaramillo","Tiempo de lectura":"1 minuto"},"schema":{"@context":"https:\/\/schema.org","@graph":[{"@type":"Article","@id":"https:\/\/tmsolutions.com.co\/?p=1125#article","isPartOf":{"@id":"https:\/\/tmsolutions.com.co\/?p=1125"},"author":{"name":"Sebastian Villada Jaramillo","@id":"https:\/\/tmsolutions.com.co\/#\/schema\/person\/2a22bf8ca350fcadafae338624255cb1"},"headline":"Propuesta para la renovaci\u00f3n del Transporte de Carga &#8211; Modernizaci\u00f3n de veh\u00edculos de CARGA PESADA","datePublished":"2019-09-03T20:17:00+00:00","dateModified":"2022-07-12T20:20:21+00:00","mainEntityOfPage":{"@id":"https:\/\/tmsolutions.com.co\/?p=1125"},"wordCount":271,"commentCount":0,"publisher":{"@id":"https:\/\/tmsolutions.com.co\/#organization"},"image":{"@id":"https:\/\/tmsolutions.com.co\/?p=1125#primaryimage"},"thumbnailUrl":"https:\/\/tmsolutions.com.co:8000\/wp-content\/uploads\/2022\/07\/image-19.png","keywords":["NoticiasTM"],"articleSection":["Noticias"],"inLanguage":"es-CO","potentialAction":[{"@type":"CommentAction","name":"Comment","target":["https:\/\/tmsolutions.com.co\/?p=1125#respond"]}]},{"@type":"WebPage","@id":"https:\/\/tmsolutions.com.co\/?p=1125","url":"https:\/\/tmsolutions.com.co\/?p=1125","name":"Propuesta para la renovaci\u00f3n del Transporte de Carga - Modernizaci\u00f3n de veh\u00edculos de CARGA PESADA - TM Solutions SAS","isPartOf":{"@id":"https:\/\/tmsolutions.com.co\/#website"},"primaryImageOfPage":{"@id":"https:\/\/tmsolutions.com.co\/?p=1125#primaryimage"},"image":{"@id":"https:\/\/tmsolutions.com.co\/?p=1125#primaryimage"},"thumbnailUrl":"https:\/\/tmsolutions.com.co:8000\/wp-content\/uploads\/2022\/07\/image-19.png","datePublished":"2019-09-03T20:17:00+00:00","dateModified":"2022-07-12T20:20:21+00:00","breadcrumb":{"@id":"https:\/\/tmsolutions.com.co\/?p=1125#breadcrumb"},"inLanguage":"es-CO","potentialAction":[{"@type":"ReadAction","target":["https:\/\/tmsolutions.com.co\/?p=1125"]}]},{"@type":"ImageObject","inLanguage":"es-CO","@id":"https:\/\/tmsolutions.com.co\/?p=1125#primaryimage","url":"https:\/\/tmsolutions.com.co\/wp-content\/uploads\/2022\/07\/image-19.png","contentUrl":"https:\/\/tmsolutions.com.co\/wp-content\/uploads\/2022\/07\/image-19.png","width":749,"height":499},{"@type":"BreadcrumbList","@id":"https:\/\/tmsolutions.com.co\/?p=1125#breadcrumb","itemListElement":[{"@type":"ListItem","position":1,"name":"Inicio","item":"https:\/\/tmsolutions.com.co\/"},{"@type":"ListItem","position":2,"name":"Propuesta para la renovaci\u00f3n del Transporte de Carga &#8211; Modernizaci\u00f3n de veh\u00edculos de CARGA PESADA"}]},{"@type":"WebSite","@id":"https:\/\/tmsolutions.com.co\/#website","url":"https:\/\/tmsolutions.com.co\/","name":"TM Solutions SAS","description":"La mejor soluci\u00f3n para administraci\u00f3n de flotas de transporte","publisher":{"@id":"https:\/\/tmsolutions.com.co\/#organization"},"potentialAction":[{"@type":"SearchAction","target":{"@type":"EntryPoint","urlTemplate":"https:\/\/tmsolutions.com.co\/?s={search_term_string}"},"query-input":{"@type":"PropertyValueSpecification","valueRequired":true,"valueName":"search_term_string"}}],"inLanguage":"es-CO"},{"@type":"Organization","@id":"https:\/\/tmsolutions.com.co\/#organization","name":"TM Solutions SAS","url":"https:\/\/tmsolutions.com.co\/","logo":{"@type":"ImageObject","inLanguage":"es-CO","@id":"https:\/\/tmsolutions.com.co\/#\/schema\/logo\/image\/","url":"https:\/\/tmsolutions.com.co\/wp-content\/uploads\/2022\/05\/Logo-TM-Acostado-Azul.png","contentUrl":"https:\/\/tmsolutions.com.co\/wp-content\/uploads\/2022\/05\/Logo-TM-Acostado-Azul.png","width":320,"height":132,"caption":"TM Solutions SAS"},"image":{"@id":"https:\/\/tmsolutions.com.co\/#\/schema\/logo\/image\/"}},{"@type":"Person","@id":"https:\/\/tmsolutions.com.co\/#\/schema\/person\/2a22bf8ca350fcadafae338624255cb1","name":"Sebastian Villada Jaramillo","image":{"@type":"ImageObject","inLanguage":"es-CO","@id":"https:\/\/secure.gravatar.com\/avatar\/c2c07a40ebcdd2e9936e2eb2dce3677cc26245016037417a98c6738b91520f47?s=96&d=mm&r=g","url":"https:\/\/secure.gravatar.com\/avatar\/c2c07a40ebcdd2e9936e2eb2dce3677cc26245016037417a98c6738b91520f47?s=96&d=mm&r=g","contentUrl":"https:\/\/secure.gravatar.com\/avatar\/c2c07a40ebcdd2e9936e2eb2dce3677cc26245016037417a98c6738b91520f47?s=96&d=mm&r=g","caption":"Sebastian Villada Jaramillo"},"url":"https:\/\/tmsolutions.com.co\/?author=3"}]}},"_links":{"self":[{"href":"https:\/\/tmsolutions.com.co\/index.php?rest_route=\/wp\/v2\/posts\/1125","targetHints":{"allow":["GET"]}}],"collection":[{"href":"https:\/\/tmsolutions.com.co\/index.php?rest_route=\/wp\/v2\/posts"}],"about":[{"href":"https:\/\/tmsolutions.com.co\/index.php?rest_route=\/wp\/v2\/types\/post"}],"author":[{"embeddable":true,"href":"https:\/\/tmsolutions.com.co\/index.php?rest_route=\/wp\/v2\/users\/3"}],"replies":[{"embeddable":true,"href":"https:\/\/tmsolutions.com.co\/index.php?rest_route=%2Fwp%2Fv2%2Fcomments&post=1125"}],"version-history":[{"count":2,"href":"https:\/\/tmsolutions.com.co\/index.php?rest_route=\/wp\/v2\/posts\/1125\/revisions"}],"predecessor-version":[{"id":1128,"href":"https:\/\/tmsolutions.com.co\/index.php?rest_route=\/wp\/v2\/posts\/1125\/revisions\/1128"}],"wp:attachment":[{"href":"https:\/\/tmsolutions.com.co\/index.php?rest_route=%2Fwp%2Fv2%2Fmedia&parent=1125"}],"wp:term":[{"taxonomy":"category","embeddable":true,"href":"https:\/\/tmsolutions.com.co\/index.php?rest_route=%2Fwp%2Fv2%2Fcategories&post=1125"},{"taxonomy":"post_tag","embeddable":true,"href":"https:\/\/tmsolutions.com.co\/index.php?rest_route=%2Fwp%2Fv2%2Ftags&post=1125"}],"curies":[{"name":"wp","href":"https:\/\/api.w.org\/{rel}","templated":true}]}}