{"id":1109,"date":"2019-07-23T10:42:00","date_gmt":"2019-07-23T15:42:00","guid":{"rendered":"https:\/\/tmsolutions.com.co:8000\/?p=1109"},"modified":"2022-07-12T10:46:29","modified_gmt":"2022-07-12T15:46:29","slug":"parque-automotor-la-edad-del-parque-automotor-reducida-en-tres-anos","status":"publish","type":"post","link":"https:\/\/tmsolutions.com.co\/?p=1109","title":{"rendered":"Parque automotor &#8211; La edad del parque automotor, reducida en tres a\u00f1os"},"content":{"rendered":"<div class=\"wp-block-image\">\n<figure class=\"aligncenter size-full\"><img fetchpriority=\"high\" decoding=\"async\" width=\"656\" height=\"417\" src=\"https:\/\/tmsolutions.com.co:8000\/wp-content\/uploads\/2022\/07\/image-16.png\" alt=\"\" class=\"wp-image-1110\" srcset=\"https:\/\/tmsolutions.com.co\/wp-content\/uploads\/2022\/07\/image-16.png 656w, https:\/\/tmsolutions.com.co\/wp-content\/uploads\/2022\/07\/image-16-300x191.png 300w, https:\/\/tmsolutions.com.co\/wp-content\/uploads\/2022\/07\/image-16-600x381.png 600w\" sizes=\"(max-width: 656px) 100vw, 656px\" \/><\/figure>\n<\/div>\n\n\n<p>El Gobierno Nacional en cabeza de el Ministerio de Transporte y el Presidente de la Rep\u00fablica Iv\u00e1n Duque, buscan renovar el parque automotor en el cual se estima que se necesitaran cuatro a\u00f1os y una inversi\u00f3n de $8.015 millones para que se haga realidad.<\/p>\n\n\n\n<p>Actualmente el 42,89% de los veh\u00edculos de carga de m\u00e1s de 10,5 toneladas tienen m\u00e1s de 20 a\u00f1os de servicio; por esto&nbsp;la meta es reducir la edad promedio del parque y desintegrar 20.000 veh\u00edculos de aqu\u00ed&nbsp;al 2022.<\/p>\n\n\n\n<p>Para tener acceso a estos servicios se debe chatarrizar el veh\u00edculo antiguo y as\u00ed recibir el 19% de la excepci\u00f3n del IVA, los veh\u00edculos deben tener m\u00e1s de 20 a\u00f1os y el RUNT renovado en los \u00faltimos a\u00f1os como prueba que est\u00e1n en funcionamiento.<\/p>\n\n\n\n<p>Seg\u00fan explicaron este programa busca mejorar la calidad del Medio Ambiente permitiendo reducir el impacto negativo de CO2 y\u00a0\u00a0promover la eficiencia del transporte de carga.<\/p>\n\n\n\n<p>Lea este art\u00edculo m\u00e1s detalladamente en el siguiente link.<\/p>\n\n\n\n<p><a href=\"https:\/\/www.elespectador.com\/economia\/asi-se-reducira-en-tres-anos-la-edad-del-parque-automotor-articulo-872090\" target=\"_blank\" rel=\"noreferrer noopener\">https:\/\/www.elespectador.com\/economia\/asi-se-reducira-en-tres-anos-la-edad-del-parque-automotor-articulo-872090<\/a><\/p>\n","protected":false},"excerpt":{"rendered":"<p>El Gobierno Nacional en cabeza de el Ministerio de Transporte y el Presidente de la Rep\u00fablica Iv\u00e1n Duque, buscan renovar el parque automotor en el cual se estima que se necesitaran cuatro a\u00f1os y una inversi\u00f3n de $8.015 millones para que se haga realidad. Actualmente el 42,89% de los veh\u00edculos de carga de m\u00e1s de [&hellip;]<\/p>\n","protected":false},"author":3,"featured_media":0,"comment_status":"open","ping_status":"open","sticky":false,"template":"","format":"standard","meta":{"footnotes":""},"categories":[23],"tags":[26],"class_list":["post-1109","post","type-post","status-publish","format-standard","hentry","category-noticias","tag-noticiastm"],"yoast_head":"<!-- This site is optimized with the Yoast SEO plugin v27.5 - https:\/\/yoast.com\/product\/yoast-seo-wordpress\/ -->\n<title>Parque automotor - La edad del parque automotor, reducida en tres a\u00f1os - TM Solutions SAS<\/title>\n<meta name=\"robots\" content=\"index, follow, max-snippet:-1, max-image-preview:large, max-video-preview:-1\" \/>\n<link rel=\"canonical\" href=\"https:\/\/tmsolutions.com.co\/?p=1109\" \/>\n<meta property=\"og:locale\" content=\"es_ES\" \/>\n<meta property=\"og:type\" content=\"article\" \/>\n<meta property=\"og:title\" content=\"Parque automotor - La edad del parque automotor, reducida en tres a\u00f1os - TM Solutions SAS\" \/>\n<meta property=\"og:description\" content=\"El Gobierno Nacional en cabeza de el Ministerio de Transporte y el Presidente de la Rep\u00fablica Iv\u00e1n Duque, buscan renovar el parque automotor en el cual se estima que se necesitaran cuatro a\u00f1os y una inversi\u00f3n de $8.015 millones para que se haga realidad. Actualmente el 42,89% de los veh\u00edculos de carga de m\u00e1s de [&hellip;]\" \/>\n<meta property=\"og:url\" content=\"https:\/\/tmsolutions.com.co\/?p=1109\" \/>\n<meta property=\"og:site_name\" content=\"TM Solutions SAS\" \/>\n<meta property=\"article:published_time\" content=\"2019-07-23T15:42:00+00:00\" \/>\n<meta property=\"article:modified_time\" content=\"2022-07-12T15:46:29+00:00\" \/>\n<meta property=\"og:image\" content=\"https:\/\/tmsolutions.com.co:8000\/wp-content\/uploads\/2022\/07\/image-16.png\" \/>\n<meta name=\"author\" content=\"Sebastian Villada Jaramillo\" \/>\n<meta name=\"twitter:card\" content=\"summary_large_image\" \/>\n<meta name=\"twitter:label1\" content=\"Escrito por\" \/>\n\t<meta name=\"twitter:data1\" content=\"Sebastian Villada Jaramillo\" \/>\n\t<meta name=\"twitter:label2\" content=\"Tiempo de lectura\" \/>\n\t<meta name=\"twitter:data2\" content=\"1 minuto\" \/>\n<script type=\"application\/ld+json\" class=\"yoast-schema-graph\">{\"@context\":\"https:\\\/\\\/schema.org\",\"@graph\":[{\"@type\":\"Article\",\"@id\":\"https:\\\/\\\/tmsolutions.com.co\\\/?p=1109#article\",\"isPartOf\":{\"@id\":\"https:\\\/\\\/tmsolutions.com.co\\\/?p=1109\"},\"author\":{\"name\":\"Sebastian Villada Jaramillo\",\"@id\":\"https:\\\/\\\/tmsolutions.com.co\\\/#\\\/schema\\\/person\\\/2a22bf8ca350fcadafae338624255cb1\"},\"headline\":\"Parque automotor &#8211; La edad del parque automotor, reducida en tres a\u00f1os\",\"datePublished\":\"2019-07-23T15:42:00+00:00\",\"dateModified\":\"2022-07-12T15:46:29+00:00\",\"mainEntityOfPage\":{\"@id\":\"https:\\\/\\\/tmsolutions.com.co\\\/?p=1109\"},\"wordCount\":194,\"commentCount\":0,\"publisher\":{\"@id\":\"https:\\\/\\\/tmsolutions.com.co\\\/#organization\"},\"image\":{\"@id\":\"https:\\\/\\\/tmsolutions.com.co\\\/?p=1109#primaryimage\"},\"thumbnailUrl\":\"https:\\\/\\\/tmsolutions.com.co:8000\\\/wp-content\\\/uploads\\\/2022\\\/07\\\/image-16.png\",\"keywords\":[\"NoticiasTM\"],\"articleSection\":[\"Noticias\"],\"inLanguage\":\"es-CO\",\"potentialAction\":[{\"@type\":\"CommentAction\",\"name\":\"Comment\",\"target\":[\"https:\\\/\\\/tmsolutions.com.co\\\/?p=1109#respond\"]}]},{\"@type\":\"WebPage\",\"@id\":\"https:\\\/\\\/tmsolutions.com.co\\\/?p=1109\",\"url\":\"https:\\\/\\\/tmsolutions.com.co\\\/?p=1109\",\"name\":\"Parque automotor - La edad del parque automotor, reducida en tres a\u00f1os - TM Solutions SAS\",\"isPartOf\":{\"@id\":\"https:\\\/\\\/tmsolutions.com.co\\\/#website\"},\"primaryImageOfPage\":{\"@id\":\"https:\\\/\\\/tmsolutions.com.co\\\/?p=1109#primaryimage\"},\"image\":{\"@id\":\"https:\\\/\\\/tmsolutions.com.co\\\/?p=1109#primaryimage\"},\"thumbnailUrl\":\"https:\\\/\\\/tmsolutions.com.co:8000\\\/wp-content\\\/uploads\\\/2022\\\/07\\\/image-16.png\",\"datePublished\":\"2019-07-23T15:42:00+00:00\",\"dateModified\":\"2022-07-12T15:46:29+00:00\",\"breadcrumb\":{\"@id\":\"https:\\\/\\\/tmsolutions.com.co\\\/?p=1109#breadcrumb\"},\"inLanguage\":\"es-CO\",\"potentialAction\":[{\"@type\":\"ReadAction\",\"target\":[\"https:\\\/\\\/tmsolutions.com.co\\\/?p=1109\"]}]},{\"@type\":\"ImageObject\",\"inLanguage\":\"es-CO\",\"@id\":\"https:\\\/\\\/tmsolutions.com.co\\\/?p=1109#primaryimage\",\"url\":\"https:\\\/\\\/tmsolutions.com.co\\\/wp-content\\\/uploads\\\/2022\\\/07\\\/image-16.png\",\"contentUrl\":\"https:\\\/\\\/tmsolutions.com.co\\\/wp-content\\\/uploads\\\/2022\\\/07\\\/image-16.png\",\"width\":656,\"height\":417},{\"@type\":\"BreadcrumbList\",\"@id\":\"https:\\\/\\\/tmsolutions.com.co\\\/?p=1109#breadcrumb\",\"itemListElement\":[{\"@type\":\"ListItem\",\"position\":1,\"name\":\"Inicio\",\"item\":\"https:\\\/\\\/tmsolutions.com.co\\\/\"},{\"@type\":\"ListItem\",\"position\":2,\"name\":\"Parque automotor &#8211; La edad del parque automotor, reducida en tres a\u00f1os\"}]},{\"@type\":\"WebSite\",\"@id\":\"https:\\\/\\\/tmsolutions.com.co\\\/#website\",\"url\":\"https:\\\/\\\/tmsolutions.com.co\\\/\",\"name\":\"TM Solutions SAS\",\"description\":\"La mejor soluci\u00f3n para administraci\u00f3n de flotas de transporte\",\"publisher\":{\"@id\":\"https:\\\/\\\/tmsolutions.com.co\\\/#organization\"},\"potentialAction\":[{\"@type\":\"SearchAction\",\"target\":{\"@type\":\"EntryPoint\",\"urlTemplate\":\"https:\\\/\\\/tmsolutions.com.co\\\/?s={search_term_string}\"},\"query-input\":{\"@type\":\"PropertyValueSpecification\",\"valueRequired\":true,\"valueName\":\"search_term_string\"}}],\"inLanguage\":\"es-CO\"},{\"@type\":\"Organization\",\"@id\":\"https:\\\/\\\/tmsolutions.com.co\\\/#organization\",\"name\":\"TM Solutions SAS\",\"url\":\"https:\\\/\\\/tmsolutions.com.co\\\/\",\"logo\":{\"@type\":\"ImageObject\",\"inLanguage\":\"es-CO\",\"@id\":\"https:\\\/\\\/tmsolutions.com.co\\\/#\\\/schema\\\/logo\\\/image\\\/\",\"url\":\"https:\\\/\\\/tmsolutions.com.co\\\/wp-content\\\/uploads\\\/2022\\\/05\\\/Logo-TM-Acostado-Azul.png\",\"contentUrl\":\"https:\\\/\\\/tmsolutions.com.co\\\/wp-content\\\/uploads\\\/2022\\\/05\\\/Logo-TM-Acostado-Azul.png\",\"width\":320,\"height\":132,\"caption\":\"TM Solutions SAS\"},\"image\":{\"@id\":\"https:\\\/\\\/tmsolutions.com.co\\\/#\\\/schema\\\/logo\\\/image\\\/\"}},{\"@type\":\"Person\",\"@id\":\"https:\\\/\\\/tmsolutions.com.co\\\/#\\\/schema\\\/person\\\/2a22bf8ca350fcadafae338624255cb1\",\"name\":\"Sebastian Villada Jaramillo\",\"image\":{\"@type\":\"ImageObject\",\"inLanguage\":\"es-CO\",\"@id\":\"https:\\\/\\\/secure.gravatar.com\\\/avatar\\\/c2c07a40ebcdd2e9936e2eb2dce3677cc26245016037417a98c6738b91520f47?s=96&d=mm&r=g\",\"url\":\"https:\\\/\\\/secure.gravatar.com\\\/avatar\\\/c2c07a40ebcdd2e9936e2eb2dce3677cc26245016037417a98c6738b91520f47?s=96&d=mm&r=g\",\"contentUrl\":\"https:\\\/\\\/secure.gravatar.com\\\/avatar\\\/c2c07a40ebcdd2e9936e2eb2dce3677cc26245016037417a98c6738b91520f47?s=96&d=mm&r=g\",\"caption\":\"Sebastian Villada Jaramillo\"},\"url\":\"https:\\\/\\\/tmsolutions.com.co\\\/?author=3\"}]}<\/script>\n<!-- \/ Yoast SEO plugin. -->","yoast_head_json":{"title":"Parque automotor - La edad del parque automotor, reducida en tres a\u00f1os - TM Solutions SAS","robots":{"index":"index","follow":"follow","max-snippet":"max-snippet:-1","max-image-preview":"max-image-preview:large","max-video-preview":"max-video-preview:-1"},"canonical":"https:\/\/tmsolutions.com.co\/?p=1109","og_locale":"es_ES","og_type":"article","og_title":"Parque automotor - La edad del parque automotor, reducida en tres a\u00f1os - TM Solutions SAS","og_description":"El Gobierno Nacional en cabeza de el Ministerio de Transporte y el Presidente de la Rep\u00fablica Iv\u00e1n Duque, buscan renovar el parque automotor en el cual se estima que se necesitaran cuatro a\u00f1os y una inversi\u00f3n de $8.015 millones para que se haga realidad. Actualmente el 42,89% de los veh\u00edculos de carga de m\u00e1s de [&hellip;]","og_url":"https:\/\/tmsolutions.com.co\/?p=1109","og_site_name":"TM Solutions SAS","article_published_time":"2019-07-23T15:42:00+00:00","article_modified_time":"2022-07-12T15:46:29+00:00","og_image":[{"url":"https:\/\/tmsolutions.com.co:8000\/wp-content\/uploads\/2022\/07\/image-16.png","type":"","width":"","height":""}],"author":"Sebastian Villada Jaramillo","twitter_card":"summary_large_image","twitter_misc":{"Escrito por":"Sebastian Villada Jaramillo","Tiempo de lectura":"1 minuto"},"schema":{"@context":"https:\/\/schema.org","@graph":[{"@type":"Article","@id":"https:\/\/tmsolutions.com.co\/?p=1109#article","isPartOf":{"@id":"https:\/\/tmsolutions.com.co\/?p=1109"},"author":{"name":"Sebastian Villada Jaramillo","@id":"https:\/\/tmsolutions.com.co\/#\/schema\/person\/2a22bf8ca350fcadafae338624255cb1"},"headline":"Parque automotor &#8211; La edad del parque automotor, reducida en tres a\u00f1os","datePublished":"2019-07-23T15:42:00+00:00","dateModified":"2022-07-12T15:46:29+00:00","mainEntityOfPage":{"@id":"https:\/\/tmsolutions.com.co\/?p=1109"},"wordCount":194,"commentCount":0,"publisher":{"@id":"https:\/\/tmsolutions.com.co\/#organization"},"image":{"@id":"https:\/\/tmsolutions.com.co\/?p=1109#primaryimage"},"thumbnailUrl":"https:\/\/tmsolutions.com.co:8000\/wp-content\/uploads\/2022\/07\/image-16.png","keywords":["NoticiasTM"],"articleSection":["Noticias"],"inLanguage":"es-CO","potentialAction":[{"@type":"CommentAction","name":"Comment","target":["https:\/\/tmsolutions.com.co\/?p=1109#respond"]}]},{"@type":"WebPage","@id":"https:\/\/tmsolutions.com.co\/?p=1109","url":"https:\/\/tmsolutions.com.co\/?p=1109","name":"Parque automotor - La edad del parque automotor, reducida en tres a\u00f1os - TM Solutions SAS","isPartOf":{"@id":"https:\/\/tmsolutions.com.co\/#website"},"primaryImageOfPage":{"@id":"https:\/\/tmsolutions.com.co\/?p=1109#primaryimage"},"image":{"@id":"https:\/\/tmsolutions.com.co\/?p=1109#primaryimage"},"thumbnailUrl":"https:\/\/tmsolutions.com.co:8000\/wp-content\/uploads\/2022\/07\/image-16.png","datePublished":"2019-07-23T15:42:00+00:00","dateModified":"2022-07-12T15:46:29+00:00","breadcrumb":{"@id":"https:\/\/tmsolutions.com.co\/?p=1109#breadcrumb"},"inLanguage":"es-CO","potentialAction":[{"@type":"ReadAction","target":["https:\/\/tmsolutions.com.co\/?p=1109"]}]},{"@type":"ImageObject","inLanguage":"es-CO","@id":"https:\/\/tmsolutions.com.co\/?p=1109#primaryimage","url":"https:\/\/tmsolutions.com.co\/wp-content\/uploads\/2022\/07\/image-16.png","contentUrl":"https:\/\/tmsolutions.com.co\/wp-content\/uploads\/2022\/07\/image-16.png","width":656,"height":417},{"@type":"BreadcrumbList","@id":"https:\/\/tmsolutions.com.co\/?p=1109#breadcrumb","itemListElement":[{"@type":"ListItem","position":1,"name":"Inicio","item":"https:\/\/tmsolutions.com.co\/"},{"@type":"ListItem","position":2,"name":"Parque automotor &#8211; La edad del parque automotor, reducida en tres a\u00f1os"}]},{"@type":"WebSite","@id":"https:\/\/tmsolutions.com.co\/#website","url":"https:\/\/tmsolutions.com.co\/","name":"TM Solutions SAS","description":"La mejor soluci\u00f3n para administraci\u00f3n de flotas de transporte","publisher":{"@id":"https:\/\/tmsolutions.com.co\/#organization"},"potentialAction":[{"@type":"SearchAction","target":{"@type":"EntryPoint","urlTemplate":"https:\/\/tmsolutions.com.co\/?s={search_term_string}"},"query-input":{"@type":"PropertyValueSpecification","valueRequired":true,"valueName":"search_term_string"}}],"inLanguage":"es-CO"},{"@type":"Organization","@id":"https:\/\/tmsolutions.com.co\/#organization","name":"TM Solutions SAS","url":"https:\/\/tmsolutions.com.co\/","logo":{"@type":"ImageObject","inLanguage":"es-CO","@id":"https:\/\/tmsolutions.com.co\/#\/schema\/logo\/image\/","url":"https:\/\/tmsolutions.com.co\/wp-content\/uploads\/2022\/05\/Logo-TM-Acostado-Azul.png","contentUrl":"https:\/\/tmsolutions.com.co\/wp-content\/uploads\/2022\/05\/Logo-TM-Acostado-Azul.png","width":320,"height":132,"caption":"TM Solutions SAS"},"image":{"@id":"https:\/\/tmsolutions.com.co\/#\/schema\/logo\/image\/"}},{"@type":"Person","@id":"https:\/\/tmsolutions.com.co\/#\/schema\/person\/2a22bf8ca350fcadafae338624255cb1","name":"Sebastian Villada Jaramillo","image":{"@type":"ImageObject","inLanguage":"es-CO","@id":"https:\/\/secure.gravatar.com\/avatar\/c2c07a40ebcdd2e9936e2eb2dce3677cc26245016037417a98c6738b91520f47?s=96&d=mm&r=g","url":"https:\/\/secure.gravatar.com\/avatar\/c2c07a40ebcdd2e9936e2eb2dce3677cc26245016037417a98c6738b91520f47?s=96&d=mm&r=g","contentUrl":"https:\/\/secure.gravatar.com\/avatar\/c2c07a40ebcdd2e9936e2eb2dce3677cc26245016037417a98c6738b91520f47?s=96&d=mm&r=g","caption":"Sebastian Villada Jaramillo"},"url":"https:\/\/tmsolutions.com.co\/?author=3"}]}},"_links":{"self":[{"href":"https:\/\/tmsolutions.com.co\/index.php?rest_route=\/wp\/v2\/posts\/1109","targetHints":{"allow":["GET"]}}],"collection":[{"href":"https:\/\/tmsolutions.com.co\/index.php?rest_route=\/wp\/v2\/posts"}],"about":[{"href":"https:\/\/tmsolutions.com.co\/index.php?rest_route=\/wp\/v2\/types\/post"}],"author":[{"embeddable":true,"href":"https:\/\/tmsolutions.com.co\/index.php?rest_route=\/wp\/v2\/users\/3"}],"replies":[{"embeddable":true,"href":"https:\/\/tmsolutions.com.co\/index.php?rest_route=%2Fwp%2Fv2%2Fcomments&post=1109"}],"version-history":[{"count":2,"href":"https:\/\/tmsolutions.com.co\/index.php?rest_route=\/wp\/v2\/posts\/1109\/revisions"}],"predecessor-version":[{"id":1112,"href":"https:\/\/tmsolutions.com.co\/index.php?rest_route=\/wp\/v2\/posts\/1109\/revisions\/1112"}],"wp:attachment":[{"href":"https:\/\/tmsolutions.com.co\/index.php?rest_route=%2Fwp%2Fv2%2Fmedia&parent=1109"}],"wp:term":[{"taxonomy":"category","embeddable":true,"href":"https:\/\/tmsolutions.com.co\/index.php?rest_route=%2Fwp%2Fv2%2Fcategories&post=1109"},{"taxonomy":"post_tag","embeddable":true,"href":"https:\/\/tmsolutions.com.co\/index.php?rest_route=%2Fwp%2Fv2%2Ftags&post=1109"}],"curies":[{"name":"wp","href":"https:\/\/api.w.org\/{rel}","templated":true}]}}